{"id":3225,"date":"2022-03-16T20:06:15","date_gmt":"2022-03-16T20:06:15","guid":{"rendered":"http:\/\/prensa.sutel.com.uy\/2022\/03\/16\/que-dice-la-luc-adopciones-tatiana-antunez\/"},"modified":"2022-03-24T20:09:50","modified_gmt":"2022-03-24T20:09:50","slug":"que-dice-la-luc-adopciones-tatiana-antunez","status":"publish","type":"post","link":"http:\/\/prensa.sutel.com.uy\/?p=3225","title":{"rendered":"\u00bfQu\u00e9 dice la LUC? &#8211;  Adopciones. Tatiana Ant\u00fanez"},"content":{"rendered":"<p>\u00bfQu\u00e9 dice la LUC? Conversaciones con Fito Galli. Adopciones.<\/p>\n<p>Tatiana Ant\u00fanez. (versi\u00f3n completa)<br \/>\nConversaciones con Fito Galli.<br \/>\nEn esta entrega: Adopciones.<br \/>\nTatiana Ant\u00fanez explica la importancia de anular los art\u00edculos 403 y 404 de la Ley de Urgente Consideraci\u00f3n.<\/p>\n<p>El 27 de marzo vot\u00e1 la papeleta rosada del SI para anular 135 art\u00edculos de la LUC.<\/p>\n<p><iframe loading=\"lazy\" style=\"border: none; overflow: hidden;\" src=\"https:\/\/www.facebook.com\/plugins\/video.php?height=314&amp;href=https%3A%2F%2Fwww.facebook.com%2FPITCNTSUTEL%2Fvideos%2F290459516494759%2F&amp;show_text=false&amp;width=560&amp;t=0\" width=\"560\" height=\"314\" frameborder=\"0\" scrolling=\"no\" allowfullscreen=\"allowfullscreen\"><\/iframe><\/p>\n","protected":false},"excerpt":{"rendered":"<p>\u00bfQu\u00e9 dice la LUC? Conversaciones con Fito Galli. Adopciones. Tatiana Ant\u00fanez. (versi\u00f3n completa) Conversaciones con Fito Galli. En esta entrega: Adopciones. Tatiana Ant\u00fanez explica la importancia de anular los art\u00edculos &#8230;<\/p>\n","protected":false},"author":7,"featured_media":3217,"comment_status":"closed","ping_status":"closed","sticky":false,"template":"","format":"standard","meta":{"pagelayer_contact_templates":[],"_pagelayer_content":"","ngg_post_thumbnail":0,"footnotes":""},"categories":[2,3,14],"tags":[],"class_list":["post-3225","post","type-post","status-publish","format-standard","has-post-thumbnail","hentry","category-noticias","category-noticias-destacadas","category-noticias-sindicales"],"_links":{"self":[{"href":"http:\/\/prensa.sutel.com.uy\/index.php?rest_route=\/wp\/v2\/posts\/3225","targetHints":{"allow":["GET"]}}],"collection":[{"href":"http:\/\/prensa.sutel.com.uy\/index.php?rest_route=\/wp\/v2\/posts"}],"about":[{"href":"http:\/\/prensa.sutel.com.uy\/index.php?rest_route=\/wp\/v2\/types\/post"}],"author":[{"embeddable":true,"href":"http:\/\/prensa.sutel.com.uy\/index.php?rest_route=\/wp\/v2\/users\/7"}],"replies":[{"embeddable":true,"href":"http:\/\/prensa.sutel.com.uy\/index.php?rest_route=%2Fwp%2Fv2%2Fcomments&post=3225"}],"version-history":[{"count":0,"href":"http:\/\/prensa.sutel.com.uy\/index.php?rest_route=\/wp\/v2\/posts\/3225\/revisions"}],"wp:featuredmedia":[{"embeddable":true,"href":"http:\/\/prensa.sutel.com.uy\/index.php?rest_route=\/wp\/v2\/media\/3217"}],"wp:attachment":[{"href":"http:\/\/prensa.sutel.com.uy\/index.php?rest_route=%2Fwp%2Fv2%2Fmedia&parent=3225"}],"wp:term":[{"taxonomy":"category","embeddable":true,"href":"http:\/\/prensa.sutel.com.uy\/index.php?rest_route=%2Fwp%2Fv2%2Fcategories&post=3225"},{"taxonomy":"post_tag","embeddable":true,"href":"http:\/\/prensa.sutel.com.uy\/index.php?rest_route=%2Fwp%2Fv2%2Ftags&post=3225"}],"curies":[{"name":"wp","href":"https:\/\/api.w.org\/{rel}","templated":true}]}}