{"id":3214,"date":"2022-03-24T19:44:17","date_gmt":"2022-03-24T19:44:17","guid":{"rendered":"http:\/\/prensa.sutel.com.uy\/2022\/03\/24\/votasi-si-sutel\/"},"modified":"2022-03-24T19:44:17","modified_gmt":"2022-03-24T19:44:17","slug":"votasi-si-sutel","status":"publish","type":"post","link":"http:\/\/prensa.sutel.com.uy\/?p=3214","title":{"rendered":"#VotaSI #SI #SUTEL"},"content":{"rendered":"<p>[S\u00cdNTESIS] Conversaciones con Fito Galli.<\/p>\n<p>En esta entrega: Vivienda. Alquileres.<br \/>\nGustavo Gonz\u00e1lez de FUCVAM explica de que tratan los art\u00edculos de la LUC vinculados al capitulo denominado: \u00abLa vivienda, emergencia\u00bb.<br \/>\n.<br \/>\nEl 27 de marzo vot\u00e1 la papeleta rosada del SI para anular 135 art\u00edculos de la LUC.<\/p>\n<p>SIGUE NUESTRAS REDES<\/p>\n<p>Facebook: https:\/\/www.facebook.com\/PITCNTSUTEL<br \/>\nTwitter: https:\/\/twitter.com\/sutelpitcnt<br \/>\nInstagram: https:\/\/www.instagram.com\/sutelpitcnt\/<\/p>\n<p><iframe loading=\"lazy\" style=\"border: none; overflow: hidden;\" src=\"https:\/\/www.facebook.com\/plugins\/video.php?height=314&amp;href=https%3A%2F%2Fwww.facebook.com%2FPITCNTSUTEL%2Fvideos%2F4804076816373784%2F&amp;show_text=false&amp;width=560&amp;t=0\" width=\"560\" height=\"314\" frameborder=\"0\" scrolling=\"no\" allowfullscreen=\"allowfullscreen\"><\/iframe><\/p>\n","protected":false},"excerpt":{"rendered":"<p>[S\u00cdNTESIS] Conversaciones con Fito Galli. En esta entrega: Vivienda. Alquileres. Gustavo Gonz\u00e1lez de FUCVAM explica de que tratan los art\u00edculos de la LUC vinculados al capitulo denominado: \u00abLa vivienda, emergencia\u00bb. &#8230;<\/p>\n","protected":false},"author":7,"featured_media":3215,"comment_status":"closed","ping_status":"closed","sticky":false,"template":"","format":"standard","meta":{"pagelayer_contact_templates":[],"_pagelayer_content":"","ngg_post_thumbnail":0,"footnotes":""},"categories":[2,3,14],"tags":[],"class_list":["post-3214","post","type-post","status-publish","format-standard","has-post-thumbnail","hentry","category-noticias","category-noticias-destacadas","category-noticias-sindicales"],"_links":{"self":[{"href":"http:\/\/prensa.sutel.com.uy\/index.php?rest_route=\/wp\/v2\/posts\/3214","targetHints":{"allow":["GET"]}}],"collection":[{"href":"http:\/\/prensa.sutel.com.uy\/index.php?rest_route=\/wp\/v2\/posts"}],"about":[{"href":"http:\/\/prensa.sutel.com.uy\/index.php?rest_route=\/wp\/v2\/types\/post"}],"author":[{"embeddable":true,"href":"http:\/\/prensa.sutel.com.uy\/index.php?rest_route=\/wp\/v2\/users\/7"}],"replies":[{"embeddable":true,"href":"http:\/\/prensa.sutel.com.uy\/index.php?rest_route=%2Fwp%2Fv2%2Fcomments&post=3214"}],"version-history":[{"count":0,"href":"http:\/\/prensa.sutel.com.uy\/index.php?rest_route=\/wp\/v2\/posts\/3214\/revisions"}],"wp:featuredmedia":[{"embeddable":true,"href":"http:\/\/prensa.sutel.com.uy\/index.php?rest_route=\/wp\/v2\/media\/3215"}],"wp:attachment":[{"href":"http:\/\/prensa.sutel.com.uy\/index.php?rest_route=%2Fwp%2Fv2%2Fmedia&parent=3214"}],"wp:term":[{"taxonomy":"category","embeddable":true,"href":"http:\/\/prensa.sutel.com.uy\/index.php?rest_route=%2Fwp%2Fv2%2Fcategories&post=3214"},{"taxonomy":"post_tag","embeddable":true,"href":"http:\/\/prensa.sutel.com.uy\/index.php?rest_route=%2Fwp%2Fv2%2Ftags&post=3214"}],"curies":[{"name":"wp","href":"https:\/\/api.w.org\/{rel}","templated":true}]}}