{"id":3134,"date":"2020-10-27T21:39:31","date_gmt":"2020-10-27T21:39:31","guid":{"rendered":"http:\/\/prensa.sutel.com.uy\/2020\/10\/27\/movilizacion-de-trabajadores-publicos\/"},"modified":"2020-10-28T21:46:29","modified_gmt":"2020-10-28T21:46:29","slug":"movilizacion-de-trabajadores-publicos","status":"publish","type":"post","link":"http:\/\/prensa.sutel.com.uy\/?p=3134","title":{"rendered":"Movilizaci\u00f3n de Trabajadores P\u00fablicos"},"content":{"rendered":"<p>Compa\u00f1eros\/as&nbsp;<\/p>\n<p>El pr\u00f3ximo mi\u00e9rcoles 28 de octubre se realizara una movilizaci\u00f3n de los trabajadores p\u00fablicos en el marco del debate por el Presupuesto. Se realizara una concentraci\u00f3n en la Udelar y posteriormente se marchara hacia el Palacio Legislativo.<\/p>\n<p>La Mesa Ejecutiva resolvi\u00f3 adherir y participar con aquellos compa\u00f1eros\/as delegados\/as y\/o militantes sindicales de Montevideo haciendo uso de licencia gremial 9 a 13 hs.<\/p>\n<p>SUTEL concentrar\u00e1 en Fern\u00e1ndez Crespo y Colonia.<\/p>\n<p>Mesa Ejecutiva<\/p>\nngg_shortcode_0_placeholder\n","protected":false},"excerpt":{"rendered":"<p>Compa\u00f1eros\/as&nbsp; El pr\u00f3ximo mi\u00e9rcoles 28 de octubre se realizara una movilizaci\u00f3n de los trabajadores p\u00fablicos en el marco del debate por el Presupuesto. Se realizara una concentraci\u00f3n en la Udelar &#8230;<\/p>\n","protected":false},"author":7,"featured_media":3135,"comment_status":"closed","ping_status":"closed","sticky":false,"template":"","format":"standard","meta":{"pagelayer_contact_templates":[],"_pagelayer_content":"","ngg_post_thumbnail":0,"footnotes":""},"categories":[2,3,14],"tags":[],"class_list":["post-3134","post","type-post","status-publish","format-standard","has-post-thumbnail","hentry","category-noticias","category-noticias-destacadas","category-noticias-sindicales"],"_links":{"self":[{"href":"http:\/\/prensa.sutel.com.uy\/index.php?rest_route=\/wp\/v2\/posts\/3134","targetHints":{"allow":["GET"]}}],"collection":[{"href":"http:\/\/prensa.sutel.com.uy\/index.php?rest_route=\/wp\/v2\/posts"}],"about":[{"href":"http:\/\/prensa.sutel.com.uy\/index.php?rest_route=\/wp\/v2\/types\/post"}],"author":[{"embeddable":true,"href":"http:\/\/prensa.sutel.com.uy\/index.php?rest_route=\/wp\/v2\/users\/7"}],"replies":[{"embeddable":true,"href":"http:\/\/prensa.sutel.com.uy\/index.php?rest_route=%2Fwp%2Fv2%2Fcomments&post=3134"}],"version-history":[{"count":1,"href":"http:\/\/prensa.sutel.com.uy\/index.php?rest_route=\/wp\/v2\/posts\/3134\/revisions"}],"predecessor-version":[{"id":3136,"href":"http:\/\/prensa.sutel.com.uy\/index.php?rest_route=\/wp\/v2\/posts\/3134\/revisions\/3136"}],"wp:featuredmedia":[{"embeddable":true,"href":"http:\/\/prensa.sutel.com.uy\/index.php?rest_route=\/wp\/v2\/media\/3135"}],"wp:attachment":[{"href":"http:\/\/prensa.sutel.com.uy\/index.php?rest_route=%2Fwp%2Fv2%2Fmedia&parent=3134"}],"wp:term":[{"taxonomy":"category","embeddable":true,"href":"http:\/\/prensa.sutel.com.uy\/index.php?rest_route=%2Fwp%2Fv2%2Fcategories&post=3134"},{"taxonomy":"post_tag","embeddable":true,"href":"http:\/\/prensa.sutel.com.uy\/index.php?rest_route=%2Fwp%2Fv2%2Ftags&post=3134"}],"curies":[{"name":"wp","href":"https:\/\/api.w.org\/{rel}","templated":true}]}}