{"id":3103,"date":"2020-10-22T23:33:32","date_gmt":"2020-10-22T23:33:32","guid":{"rendered":"http:\/\/prensa.sutel.com.uy\/2020\/10\/22\/estrenamos-la-segunda-entrega-de-sutel-en-la-red\/"},"modified":"2020-10-23T00:39:00","modified_gmt":"2020-10-23T00:39:00","slug":"estrenamos-la-segunda-entrega-de-sutel-en-la-red","status":"publish","type":"post","link":"http:\/\/prensa.sutel.com.uy\/?p=3103","title":{"rendered":"Estrenamos la segunda entrega de SUTEL EN LA RED"},"content":{"rendered":"<div class=\"kvgmc6g5 cxmmr5t8 oygrvhab hcukyx3x c1et5uql ii04i59q\">\n<div dir=\"auto\">En esta 2da entrega: Democracia y concentraci\u00f3n de la propiedad de los medios de comunicaci\u00f3n.<\/div>\n<\/div>\n<div class=\"o9v6fnle cxmmr5t8 oygrvhab hcukyx3x c1et5uql ii04i59q\">\n<div dir=\"auto\">Analizamos la actual configuraci\u00f3n hegem\u00f3nica de los medios de comunicaci\u00f3n masiva, con un informe sobre el mapa de concentraci\u00f3n de medios en Uruguay y como lo afecta o beneficia la nueva Ley de Medios del actual gobierno.<\/div>\n<div dir=\"auto\">Continuamos con la din\u00e1mica de conversatorio acerca del recorrido hist\u00f3rico de la discusi\u00f3n parlamentaria sobre la reglamentaci\u00f3n de los medios de comunicaci\u00f3n, su marco jur\u00eddico y regulatorio. Para ello contamos con la participaci\u00f3n de la periodista Victoria Alfaro, el abogado \u00d3scar L\u00f3pez Goldaracena y el director de la URSEC Pablo Siris.<\/div>\n<div dir=\"auto\">Sobre la situaci\u00f3n actual de las y los trabajadores de Antel habla Gabriel Molina.<\/div>\n<\/div>\n<div class=\"o9v6fnle cxmmr5t8 oygrvhab hcukyx3x c1et5uql ii04i59q\">\n<div dir=\"auto\">Ayudanos a difundir este nuevo medio de comunicaci\u00f3n alternativa hecho por l@s trabajador@s organizad@s de las telecomunicaciones.<\/div>\n<\/div>\n<div class=\"o9v6fnle cxmmr5t8 oygrvhab hcukyx3x c1et5uql ii04i59q\">\n<div dir=\"auto\">Seguimos conectadxs!<\/div>\n<\/div>\n<div class=\"o9v6fnle cxmmr5t8 oygrvhab hcukyx3x c1et5uql ii04i59q\">\n<div dir=\"auto\"><a class=\"oajrlxb2 g5ia77u1 qu0x051f esr5mh6w e9989ue4 r7d6kgcz rq0escxv nhd2j8a9 nc684nl6 p7hjln8o kvgmc6g5 cxmmr5t8 oygrvhab hcukyx3x jb3vyjys rz4wbd8a qt6c0cv9 a8nywdso i1ao9s8h esuyzwwr f1sip0of lzcic4wl q66pz984 gpro0wi8 b1v8xokw\" tabindex=\"0\" role=\"link\" href=\"https:\/\/www.facebook.com\/hashtag\/importaqueestes?__eep__=6&amp;__cft__[0]=AZVeF9oJ6d2dmbiLsocka97axK5vAInGTx3X3CXgG-d0zqe3VGzUCFhR2hYNF4oF4p_TlaOhqMUfYno-sYnxav90Lzq2J6PohqB6CEMTTw3OBsqh5z6JrCCoNyi3n8fHrvjR61szyw0p2M3aIH8JWOTPsLbAFn9wTohPp1FGlxxX5cMOkUb9mwldqwl_QIPa9O7hb_0P8rm3XClGSoHVhd9E&amp;__tn__=*NK-R\">#importaqueestes<\/a> <a class=\"oajrlxb2 g5ia77u1 qu0x051f esr5mh6w e9989ue4 r7d6kgcz rq0escxv nhd2j8a9 nc684nl6 p7hjln8o kvgmc6g5 cxmmr5t8 oygrvhab hcukyx3x jb3vyjys rz4wbd8a qt6c0cv9 a8nywdso i1ao9s8h esuyzwwr f1sip0of lzcic4wl q66pz984 gpro0wi8 b1v8xokw\" tabindex=\"0\" role=\"link\" href=\"https:\/\/www.facebook.com\/hashtag\/35anossutel?__eep__=6&amp;__cft__[0]=AZVeF9oJ6d2dmbiLsocka97axK5vAInGTx3X3CXgG-d0zqe3VGzUCFhR2hYNF4oF4p_TlaOhqMUfYno-sYnxav90Lzq2J6PohqB6CEMTTw3OBsqh5z6JrCCoNyi3n8fHrvjR61szyw0p2M3aIH8JWOTPsLbAFn9wTohPp1FGlxxX5cMOkUb9mwldqwl_QIPa9O7hb_0P8rm3XClGSoHVhd9E&amp;__tn__=*NK-R\">#35anossutel<\/a> <a class=\"oajrlxb2 g5ia77u1 qu0x051f esr5mh6w e9989ue4 r7d6kgcz rq0escxv nhd2j8a9 nc684nl6 p7hjln8o kvgmc6g5 cxmmr5t8 oygrvhab hcukyx3x jb3vyjys rz4wbd8a qt6c0cv9 a8nywdso i1ao9s8h esuyzwwr f1sip0of lzcic4wl q66pz984 gpro0wi8 b1v8xokw\" tabindex=\"0\" role=\"link\" href=\"https:\/\/www.facebook.com\/hashtag\/sutelpitcnt?__eep__=6&amp;__cft__[0]=AZVeF9oJ6d2dmbiLsocka97axK5vAInGTx3X3CXgG-d0zqe3VGzUCFhR2hYNF4oF4p_TlaOhqMUfYno-sYnxav90Lzq2J6PohqB6CEMTTw3OBsqh5z6JrCCoNyi3n8fHrvjR61szyw0p2M3aIH8JWOTPsLbAFn9wTohPp1FGlxxX5cMOkUb9mwldqwl_QIPa9O7hb_0P8rm3XClGSoHVhd9E&amp;__tn__=*NK-R\">#sutelpitcnt<\/a> <a class=\"oajrlxb2 g5ia77u1 qu0x051f esr5mh6w e9989ue4 r7d6kgcz rq0escxv nhd2j8a9 nc684nl6 p7hjln8o kvgmc6g5 cxmmr5t8 oygrvhab hcukyx3x jb3vyjys rz4wbd8a qt6c0cv9 a8nywdso i1ao9s8h esuyzwwr f1sip0of lzcic4wl q66pz984 gpro0wi8 b1v8xokw\" tabindex=\"0\" role=\"link\" href=\"https:\/\/www.facebook.com\/hashtag\/sutelenlared?__eep__=6&amp;__cft__[0]=AZVeF9oJ6d2dmbiLsocka97axK5vAInGTx3X3CXgG-d0zqe3VGzUCFhR2hYNF4oF4p_TlaOhqMUfYno-sYnxav90Lzq2J6PohqB6CEMTTw3OBsqh5z6JrCCoNyi3n8fHrvjR61szyw0p2M3aIH8JWOTPsLbAFn9wTohPp1FGlxxX5cMOkUb9mwldqwl_QIPa9O7hb_0P8rm3XClGSoHVhd9E&amp;__tn__=*NK-R\">#sutelenlared<\/a><\/div>\n<\/div>\n<div class=\"text_exposed_show\">\n<iframe loading=\"lazy\"  id=\"_ytid_58563\"  width=\"800\" height=\"450\"  data-origwidth=\"800\" data-origheight=\"450\" src=\"https:\/\/www.youtube.com\/embed\/JXXiytBoZRU?enablejsapi=1&autoplay=0&cc_load_policy=0&cc_lang_pref=&iv_load_policy=1&loop=0&rel=1&fs=1&playsinline=0&autohide=2&theme=dark&color=red&controls=1&disablekb=0&\" class=\"__youtube_prefs__  no-lazyload\" title=\"YouTube player\"  allow=\"fullscreen; accelerometer; autoplay; clipboard-write; encrypted-media; gyroscope; picture-in-picture; web-share\" referrerpolicy=\"strict-origin-when-cross-origin\" allowfullscreen data-no-lazy=\"1\" data-skipgform_ajax_framebjll=\"\"><\/iframe>\n<\/div>\n","protected":false},"excerpt":{"rendered":"<p>En esta 2da entrega: Democracia y concentraci\u00f3n de la propiedad de los medios de comunicaci\u00f3n. Analizamos la actual configuraci\u00f3n hegem\u00f3nica de los medios de comunicaci\u00f3n masiva, con un informe sobre &#8230;<\/p>\n","protected":false},"author":7,"featured_media":3106,"comment_status":"closed","ping_status":"closed","sticky":false,"template":"","format":"standard","meta":{"pagelayer_contact_templates":[],"_pagelayer_content":"","ngg_post_thumbnail":0,"footnotes":""},"categories":[2,3,14],"tags":[],"class_list":["post-3103","post","type-post","status-publish","format-standard","has-post-thumbnail","hentry","category-noticias","category-noticias-destacadas","category-noticias-sindicales"],"_links":{"self":[{"href":"http:\/\/prensa.sutel.com.uy\/index.php?rest_route=\/wp\/v2\/posts\/3103","targetHints":{"allow":["GET"]}}],"collection":[{"href":"http:\/\/prensa.sutel.com.uy\/index.php?rest_route=\/wp\/v2\/posts"}],"about":[{"href":"http:\/\/prensa.sutel.com.uy\/index.php?rest_route=\/wp\/v2\/types\/post"}],"author":[{"embeddable":true,"href":"http:\/\/prensa.sutel.com.uy\/index.php?rest_route=\/wp\/v2\/users\/7"}],"replies":[{"embeddable":true,"href":"http:\/\/prensa.sutel.com.uy\/index.php?rest_route=%2Fwp%2Fv2%2Fcomments&post=3103"}],"version-history":[{"count":2,"href":"http:\/\/prensa.sutel.com.uy\/index.php?rest_route=\/wp\/v2\/posts\/3103\/revisions"}],"predecessor-version":[{"id":3121,"href":"http:\/\/prensa.sutel.com.uy\/index.php?rest_route=\/wp\/v2\/posts\/3103\/revisions\/3121"}],"wp:featuredmedia":[{"embeddable":true,"href":"http:\/\/prensa.sutel.com.uy\/index.php?rest_route=\/wp\/v2\/media\/3106"}],"wp:attachment":[{"href":"http:\/\/prensa.sutel.com.uy\/index.php?rest_route=%2Fwp%2Fv2%2Fmedia&parent=3103"}],"wp:term":[{"taxonomy":"category","embeddable":true,"href":"http:\/\/prensa.sutel.com.uy\/index.php?rest_route=%2Fwp%2Fv2%2Fcategories&post=3103"},{"taxonomy":"post_tag","embeddable":true,"href":"http:\/\/prensa.sutel.com.uy\/index.php?rest_route=%2Fwp%2Fv2%2Ftags&post=3103"}],"curies":[{"name":"wp","href":"https:\/\/api.w.org\/{rel}","templated":true}]}}