{"id":3090,"date":"2020-09-11T23:14:45","date_gmt":"2020-09-11T23:14:45","guid":{"rendered":"http:\/\/prensa.sutel.com.uy\/2020\/09\/11\/declaracion-mesa-ejecutiva\/"},"modified":"2020-09-11T23:14:45","modified_gmt":"2020-09-11T23:14:45","slug":"declaracion-mesa-ejecutiva","status":"publish","type":"post","link":"http:\/\/prensa.sutel.com.uy\/?p=3090","title":{"rendered":"DECLARACION MESA EJECUTIVA."},"content":{"rendered":"<div dir=\"auto\">DECLARACION MESA EJECUTIVA.<\/div>\n<div dir=\"auto\">&nbsp;<\/div>\n<div dir=\"auto\">Lxs trabajadorxs de ANTEL organizadxs en SUTEL y en su Comisi\u00f3n de G\u00e9nero, precisamos expresar nuestro rechazo frente a la designaci\u00f3n de Carlos Lafigliola como Asesor de Comunicaci\u00f3n para la Presidencia de dicha empresa p\u00fablica.<\/div>\n<div dir=\"auto\">Tomando en cuenta sus antecedentes pol\u00edticos para iniciativas en perjuicio de los DDHH de la ciudadan\u00eda, -como el refer\u00e9ndum para la derogaci\u00f3n de la Ley Integral para Personas Trans-, se remarca su falta de franca vocaci\u00f3n de servicio p\u00fablico y sensibilidad.<\/div>\n<div dir=\"auto\">Consideramos que los cargos p\u00fablicos de este tipo se deben desempe\u00f1ar con laicidad y respeto por las diversas formas de habitar lxs cuerpxs, los g\u00e9neros, las orientaciones e identidades sexuales de todas las personas. Ello implica no sucumbir en cuestionables y falaces relatos de comunicaci\u00f3n para alcanzar cometidos determinados, as\u00ed como tampoco sostener posiciones en contra de derechos consagrados.<\/div>\n<div dir=\"auto\">Solicitamos a ANTEL que haga publica la informacion en que se realizo dicha contratacion .<\/div>\n<div dir=\"auto\">Esta Comisi\u00f3n, SUTEL y nuestra central de trabajadorxs, han impulsado y defendido a la agenda de derechos que logr\u00f3 consolidarse en estos \u00faltimos a\u00f1os. En esta ocasi\u00f3n del Mes de la Diversidad, recordamos m\u00e1s que nunca que ANTEL ES DE TODXS.<\/div>\n<div dir=\"auto\">&nbsp;<\/div>\n<div dir=\"auto\">ngg_shortcode_0_placeholder<\/div>\n","protected":false},"excerpt":{"rendered":"<p>DECLARACION MESA EJECUTIVA. &nbsp; Lxs trabajadorxs de ANTEL organizadxs en SUTEL y en su Comisi\u00f3n de G\u00e9nero, precisamos expresar nuestro rechazo frente a la designaci\u00f3n de Carlos Lafigliola como Asesor &#8230;<\/p>\n","protected":false},"author":7,"featured_media":3091,"comment_status":"closed","ping_status":"closed","sticky":false,"template":"","format":"standard","meta":{"pagelayer_contact_templates":[],"_pagelayer_content":"","ngg_post_thumbnail":0,"footnotes":""},"categories":[2,3,14],"tags":[],"class_list":["post-3090","post","type-post","status-publish","format-standard","has-post-thumbnail","hentry","category-noticias","category-noticias-destacadas","category-noticias-sindicales"],"_links":{"self":[{"href":"http:\/\/prensa.sutel.com.uy\/index.php?rest_route=\/wp\/v2\/posts\/3090","targetHints":{"allow":["GET"]}}],"collection":[{"href":"http:\/\/prensa.sutel.com.uy\/index.php?rest_route=\/wp\/v2\/posts"}],"about":[{"href":"http:\/\/prensa.sutel.com.uy\/index.php?rest_route=\/wp\/v2\/types\/post"}],"author":[{"embeddable":true,"href":"http:\/\/prensa.sutel.com.uy\/index.php?rest_route=\/wp\/v2\/users\/7"}],"replies":[{"embeddable":true,"href":"http:\/\/prensa.sutel.com.uy\/index.php?rest_route=%2Fwp%2Fv2%2Fcomments&post=3090"}],"version-history":[{"count":0,"href":"http:\/\/prensa.sutel.com.uy\/index.php?rest_route=\/wp\/v2\/posts\/3090\/revisions"}],"wp:featuredmedia":[{"embeddable":true,"href":"http:\/\/prensa.sutel.com.uy\/index.php?rest_route=\/wp\/v2\/media\/3091"}],"wp:attachment":[{"href":"http:\/\/prensa.sutel.com.uy\/index.php?rest_route=%2Fwp%2Fv2%2Fmedia&parent=3090"}],"wp:term":[{"taxonomy":"category","embeddable":true,"href":"http:\/\/prensa.sutel.com.uy\/index.php?rest_route=%2Fwp%2Fv2%2Fcategories&post=3090"},{"taxonomy":"post_tag","embeddable":true,"href":"http:\/\/prensa.sutel.com.uy\/index.php?rest_route=%2Fwp%2Fv2%2Ftags&post=3090"}],"curies":[{"name":"wp","href":"https:\/\/api.w.org\/{rel}","templated":true}]}}