{"id":3087,"date":"2020-09-10T19:59:55","date_gmt":"2020-09-10T22:59:55","guid":{"rendered":"http:\/\/prensa.sutel.com.uy\/2020\/09\/10\/17-09-paro-general\/"},"modified":"2020-09-11T23:18:40","modified_gmt":"2020-09-11T23:18:40","slug":"17-09-paro-general","status":"publish","type":"post","link":"http:\/\/prensa.sutel.com.uy\/?p=3087","title":{"rendered":"Paro General &#8211; 17\/09"},"content":{"rendered":"<div class=\"o9v6fnle cxmmr5t8 oygrvhab hcukyx3x c1et5uql ii04i59q\">\n<div dir=\"auto\">Este 17 de setiembre las y los trabajadores PARAMOS por PRESUPUESTO PARA EL PUEBLO<\/div>\n<\/div>\n<div class=\"o9v6fnle cxmmr5t8 oygrvhab hcukyx3x c1et5uql ii04i59q\">\n<div dir=\"auto\"><span class=\"pq6dq46d tbxw36s4 knj5qynh kvgmc6g5 ditlmg2l oygrvhab nvdbi5me sf5mxxl7 gl3lb2sf hhz5lgdu\"><img loading=\"lazy\" decoding=\"async\" src=\"https:\/\/static.xx.fbcdn.net\/images\/emoji.php\/v9\/t4c\/1\/16\/25aa.png\" alt=\"\u25aa\ufe0f\" width=\"16\" height=\"16\"><\/span> PARAMOS porque necesitamos defender el trabajo y el salario para seguir moviendo el pa\u00eds<\/div>\n<\/div>\n<div class=\"o9v6fnle cxmmr5t8 oygrvhab hcukyx3x c1et5uql ii04i59q\">\n<div dir=\"auto\"><span class=\"pq6dq46d tbxw36s4 knj5qynh kvgmc6g5 ditlmg2l oygrvhab nvdbi5me sf5mxxl7 gl3lb2sf hhz5lgdu\"><img loading=\"lazy\" decoding=\"async\" src=\"https:\/\/static.xx.fbcdn.net\/images\/emoji.php\/v9\/t4c\/1\/16\/25aa.png\" alt=\"\u25aa\ufe0f\" width=\"16\" height=\"16\"><\/span> PARAMOS para evitar la perdida salarial despu\u00e9s de los avances que se han dado en estos \u00faltimos a\u00f1os producto de las y los trabajadores organizados.<\/div>\n<\/div>\n<div class=\"o9v6fnle cxmmr5t8 oygrvhab hcukyx3x c1et5uql ii04i59q\">\n<div dir=\"auto\"><span class=\"pq6dq46d tbxw36s4 knj5qynh kvgmc6g5 ditlmg2l oygrvhab nvdbi5me sf5mxxl7 gl3lb2sf hhz5lgdu\"><img loading=\"lazy\" decoding=\"async\" src=\"https:\/\/static.xx.fbcdn.net\/images\/emoji.php\/v9\/t4c\/1\/16\/25aa.png\" alt=\"\u25aa\ufe0f\" width=\"16\" height=\"16\"><\/span> PARAMOS porque un pa\u00eds que avanza necesita presupuesto popular para m\u00e1s y mejor educaci\u00f3n, salud y vivienda.<\/div>\n<\/div>\n<div class=\"o9v6fnle cxmmr5t8 oygrvhab hcukyx3x c1et5uql ii04i59q\">\n<div dir=\"auto\"><span class=\"pq6dq46d tbxw36s4 knj5qynh kvgmc6g5 ditlmg2l oygrvhab nvdbi5me sf5mxxl7 gl3lb2sf hhz5lgdu\"><img loading=\"lazy\" decoding=\"async\" src=\"https:\/\/static.xx.fbcdn.net\/images\/emoji.php\/v9\/t4c\/1\/16\/25aa.png\" alt=\"\u25aa\ufe0f\" width=\"16\" height=\"16\"><\/span> PARAMOS porque lo urgente sigue siendo la GENTE y rechazamos la LUC.<\/div>\n<\/div>\n<div class=\"o9v6fnle cxmmr5t8 oygrvhab hcukyx3x c1et5uql ii04i59q\">\n<div dir=\"auto\">&nbsp;<\/div>\n<div dir=\"auto\">POR UN URUGUAY EN MOVIMIENTO<\/div>\n<div dir=\"auto\">PIT-CNT<\/div>\n<div dir=\"auto\">&nbsp;<\/div>\n<\/div>\n<p><img loading=\"lazy\" decoding=\"async\" class=\"alignnone size-full wp-image-3093\" src=\"http:\/\/prensa.sutel.com.uy\/wp-content\/uploads\/sites\/31\/2020\/09\/118702476_1072967023120262_6653419976165462821_o.jpg\" alt=\"\" width=\"524\" height=\"640\" srcset=\"http:\/\/prensa.sutel.com.uy\/wp-content\/uploads\/sites\/31\/2020\/09\/118702476_1072967023120262_6653419976165462821_o.jpg 524w, http:\/\/prensa.sutel.com.uy\/wp-content\/uploads\/sites\/31\/2020\/09\/118702476_1072967023120262_6653419976165462821_o-246x300.jpg 246w\" sizes=\"auto, (max-width: 524px) 100vw, 524px\" \/><\/p>\n","protected":false},"excerpt":{"rendered":"<p>Este 17 de setiembre las y los trabajadores PARAMOS por PRESUPUESTO PARA EL PUEBLO PARAMOS porque necesitamos defender el trabajo y el salario para seguir moviendo el pa\u00eds PARAMOS para &#8230;<\/p>\n","protected":false},"author":7,"featured_media":3093,"comment_status":"closed","ping_status":"closed","sticky":false,"template":"","format":"standard","meta":{"pagelayer_contact_templates":[],"_pagelayer_content":"","ngg_post_thumbnail":0,"footnotes":""},"categories":[2,3,14],"tags":[],"class_list":["post-3087","post","type-post","status-publish","format-standard","has-post-thumbnail","hentry","category-noticias","category-noticias-destacadas","category-noticias-sindicales"],"_links":{"self":[{"href":"http:\/\/prensa.sutel.com.uy\/index.php?rest_route=\/wp\/v2\/posts\/3087","targetHints":{"allow":["GET"]}}],"collection":[{"href":"http:\/\/prensa.sutel.com.uy\/index.php?rest_route=\/wp\/v2\/posts"}],"about":[{"href":"http:\/\/prensa.sutel.com.uy\/index.php?rest_route=\/wp\/v2\/types\/post"}],"author":[{"embeddable":true,"href":"http:\/\/prensa.sutel.com.uy\/index.php?rest_route=\/wp\/v2\/users\/7"}],"replies":[{"embeddable":true,"href":"http:\/\/prensa.sutel.com.uy\/index.php?rest_route=%2Fwp%2Fv2%2Fcomments&post=3087"}],"version-history":[{"count":3,"href":"http:\/\/prensa.sutel.com.uy\/index.php?rest_route=\/wp\/v2\/posts\/3087\/revisions"}],"predecessor-version":[{"id":3094,"href":"http:\/\/prensa.sutel.com.uy\/index.php?rest_route=\/wp\/v2\/posts\/3087\/revisions\/3094"}],"wp:featuredmedia":[{"embeddable":true,"href":"http:\/\/prensa.sutel.com.uy\/index.php?rest_route=\/wp\/v2\/media\/3093"}],"wp:attachment":[{"href":"http:\/\/prensa.sutel.com.uy\/index.php?rest_route=%2Fwp%2Fv2%2Fmedia&parent=3087"}],"wp:term":[{"taxonomy":"category","embeddable":true,"href":"http:\/\/prensa.sutel.com.uy\/index.php?rest_route=%2Fwp%2Fv2%2Fcategories&post=3087"},{"taxonomy":"post_tag","embeddable":true,"href":"http:\/\/prensa.sutel.com.uy\/index.php?rest_route=%2Fwp%2Fv2%2Ftags&post=3087"}],"curies":[{"name":"wp","href":"https:\/\/api.w.org\/{rel}","templated":true}]}}