{"id":3072,"date":"2020-07-23T20:02:55","date_gmt":"2020-07-23T23:02:55","guid":{"rendered":"http:\/\/prensa.sutel.com.uy\/2020\/07\/23\/29-de-julio-paro-montevideo-e-interior\/"},"modified":"2020-07-23T20:02:55","modified_gmt":"2020-07-23T23:02:55","slug":"29-de-julio-paro-montevideo-e-interior","status":"publish","type":"post","link":"http:\/\/prensa.sutel.com.uy\/?p=3072","title":{"rendered":"29 de julio PARO. Montevideo e interior"},"content":{"rendered":"<p>29 de julio PARO. Montevideo e interior de 9 a 13hs,&nbsp;zona metropolitana hasta las 14hs.<br \/>\nConcentramos a las 10hs en el Ministerio de Econom\u00eda y marchamos hacia Torre Ejecutiva.<\/p>\n<p>&#8211; No al desmantelamiento de ANTEL.<br \/>\n&#8211; Potenciar Vera TV y Vera +.<br \/>\n&#8211; Regulaci\u00f3n de los 857 contratos de funci\u00f3n p\u00fablica.<br \/>\n&#8211; Por una Ley de Medios que garantice la soberan\u00eda y eficiencia de ANTEL.<\/p>\n<p>NO al desmANTELamiento.<br \/>\nSI al patrimonio y la soberan\u00eda.<\/p>\n<p>SUTEL \/ PIT-CNT<\/p>\n<p><img loading=\"lazy\" decoding=\"async\" class=\"aligncenter wp-image-3073 size-full\" src=\"http:\/\/prensa.sutel.com.uy\/wp-content\/uploads\/sites\/31\/2020\/07\/115928180_1042680616148903_1472556047492148799_o.jpg\" alt=\"\" width=\"1080\" height=\"1080\" srcset=\"http:\/\/prensa.sutel.com.uy\/wp-content\/uploads\/sites\/31\/2020\/07\/115928180_1042680616148903_1472556047492148799_o.jpg 1080w, http:\/\/prensa.sutel.com.uy\/wp-content\/uploads\/sites\/31\/2020\/07\/115928180_1042680616148903_1472556047492148799_o-300x300.jpg 300w, http:\/\/prensa.sutel.com.uy\/wp-content\/uploads\/sites\/31\/2020\/07\/115928180_1042680616148903_1472556047492148799_o-1024x1024.jpg 1024w, http:\/\/prensa.sutel.com.uy\/wp-content\/uploads\/sites\/31\/2020\/07\/115928180_1042680616148903_1472556047492148799_o-150x150.jpg 150w, http:\/\/prensa.sutel.com.uy\/wp-content\/uploads\/sites\/31\/2020\/07\/115928180_1042680616148903_1472556047492148799_o-768x768.jpg 768w, http:\/\/prensa.sutel.com.uy\/wp-content\/uploads\/sites\/31\/2020\/07\/115928180_1042680616148903_1472556047492148799_o-600x600.jpg 600w\" sizes=\"auto, (max-width: 1080px) 100vw, 1080px\" \/><\/p>\n","protected":false},"excerpt":{"rendered":"<p>29 de julio PARO. Montevideo e interior de 9 a 13hs,&nbsp;zona metropolitana hasta las 14hs. Concentramos a las 10hs en el Ministerio de Econom\u00eda y marchamos hacia Torre Ejecutiva. &#8211; &#8230;<\/p>\n","protected":false},"author":7,"featured_media":3073,"comment_status":"closed","ping_status":"closed","sticky":false,"template":"","format":"standard","meta":{"pagelayer_contact_templates":[],"_pagelayer_content":"","ngg_post_thumbnail":0,"footnotes":""},"categories":[2,3,14],"tags":[],"class_list":["post-3072","post","type-post","status-publish","format-standard","has-post-thumbnail","hentry","category-noticias","category-noticias-destacadas","category-noticias-sindicales"],"_links":{"self":[{"href":"http:\/\/prensa.sutel.com.uy\/index.php?rest_route=\/wp\/v2\/posts\/3072","targetHints":{"allow":["GET"]}}],"collection":[{"href":"http:\/\/prensa.sutel.com.uy\/index.php?rest_route=\/wp\/v2\/posts"}],"about":[{"href":"http:\/\/prensa.sutel.com.uy\/index.php?rest_route=\/wp\/v2\/types\/post"}],"author":[{"embeddable":true,"href":"http:\/\/prensa.sutel.com.uy\/index.php?rest_route=\/wp\/v2\/users\/7"}],"replies":[{"embeddable":true,"href":"http:\/\/prensa.sutel.com.uy\/index.php?rest_route=%2Fwp%2Fv2%2Fcomments&post=3072"}],"version-history":[{"count":1,"href":"http:\/\/prensa.sutel.com.uy\/index.php?rest_route=\/wp\/v2\/posts\/3072\/revisions"}],"predecessor-version":[{"id":3074,"href":"http:\/\/prensa.sutel.com.uy\/index.php?rest_route=\/wp\/v2\/posts\/3072\/revisions\/3074"}],"wp:featuredmedia":[{"embeddable":true,"href":"http:\/\/prensa.sutel.com.uy\/index.php?rest_route=\/wp\/v2\/media\/3073"}],"wp:attachment":[{"href":"http:\/\/prensa.sutel.com.uy\/index.php?rest_route=%2Fwp%2Fv2%2Fmedia&parent=3072"}],"wp:term":[{"taxonomy":"category","embeddable":true,"href":"http:\/\/prensa.sutel.com.uy\/index.php?rest_route=%2Fwp%2Fv2%2Fcategories&post=3072"},{"taxonomy":"post_tag","embeddable":true,"href":"http:\/\/prensa.sutel.com.uy\/index.php?rest_route=%2Fwp%2Fv2%2Ftags&post=3072"}],"curies":[{"name":"wp","href":"https:\/\/api.w.org\/{rel}","templated":true}]}}