{"id":3010,"date":"2020-05-19T12:46:07","date_gmt":"2020-05-19T15:46:07","guid":{"rendered":"http:\/\/prensa.sutel.com.uy\/2020\/05\/19\/sutel-en-la-comision-del-senado-que-aborda-la-luc-18-de-mayo-2020\/"},"modified":"2020-05-19T21:58:47","modified_gmt":"2020-05-19T21:58:47","slug":"sutel-en-la-comision-del-senado-que-aborda-la-luc-18-de-mayo-2020","status":"publish","type":"post","link":"http:\/\/prensa.sutel.com.uy\/?p=3010","title":{"rendered":"Sutel en la comisi\u00f3n del senado que aborda la LUC"},"content":{"rendered":"<p style=\"font-weight: 400;\">Compa\u00f1eros\/as<\/p>\n<p style=\"font-weight: 400;\">En el marco de la gran movilizaci\u00f3n realizada en el d\u00eda de&nbsp;ayer&nbsp;en la explanada del anexo Palacio Legislativo, les enviamos el documento entregado por nuestra delegaci\u00f3n a la Comisi\u00f3n del Senado que aborda la Ley de Urgente Consideraci\u00f3n.<\/p>\n<p style=\"font-weight: 400;\">Saludamos el esfuerzo realizado por los compa\u00f1eros\/as de las comisiones de organizaci\u00f3n y propaganda, as\u00ed como a los cientos de trabajadores de ANTEL que participaron de la movilizaci\u00f3n.<\/p>\n<p style=\"font-weight: 400;\">A no bajar los brazos y a redoblar esfuerzos en la DEFENSA DE ANTEL y LAS EMPRESAS P\u00daBLICAS.<\/p>\n<p><a href=\"http:\/\/prensa.sutel.com.uy\/wp-content\/uploads\/sites\/31\/2020\/05\/parlamento-18-de-mayo.doc\" target=\"_blank\" rel=\"noopener noreferrer\">Documento&nbsp; presentado en el Parlamento 18 de mayo<\/a><\/p>\n","protected":false},"excerpt":{"rendered":"<p>Compa\u00f1eros\/as En el marco de la gran movilizaci\u00f3n realizada en el d\u00eda de&nbsp;ayer&nbsp;en la explanada del anexo Palacio Legislativo, les enviamos el documento entregado por nuestra delegaci\u00f3n a la Comisi\u00f3n &#8230;<\/p>\n","protected":false},"author":7,"featured_media":3011,"comment_status":"closed","ping_status":"closed","sticky":false,"template":"","format":"standard","meta":{"pagelayer_contact_templates":[],"_pagelayer_content":"","ngg_post_thumbnail":0,"footnotes":""},"categories":[2,3,14],"tags":[],"class_list":["post-3010","post","type-post","status-publish","format-standard","has-post-thumbnail","hentry","category-noticias","category-noticias-destacadas","category-noticias-sindicales"],"_links":{"self":[{"href":"http:\/\/prensa.sutel.com.uy\/index.php?rest_route=\/wp\/v2\/posts\/3010","targetHints":{"allow":["GET"]}}],"collection":[{"href":"http:\/\/prensa.sutel.com.uy\/index.php?rest_route=\/wp\/v2\/posts"}],"about":[{"href":"http:\/\/prensa.sutel.com.uy\/index.php?rest_route=\/wp\/v2\/types\/post"}],"author":[{"embeddable":true,"href":"http:\/\/prensa.sutel.com.uy\/index.php?rest_route=\/wp\/v2\/users\/7"}],"replies":[{"embeddable":true,"href":"http:\/\/prensa.sutel.com.uy\/index.php?rest_route=%2Fwp%2Fv2%2Fcomments&post=3010"}],"version-history":[{"count":3,"href":"http:\/\/prensa.sutel.com.uy\/index.php?rest_route=\/wp\/v2\/posts\/3010\/revisions"}],"predecessor-version":[{"id":3018,"href":"http:\/\/prensa.sutel.com.uy\/index.php?rest_route=\/wp\/v2\/posts\/3010\/revisions\/3018"}],"wp:featuredmedia":[{"embeddable":true,"href":"http:\/\/prensa.sutel.com.uy\/index.php?rest_route=\/wp\/v2\/media\/3011"}],"wp:attachment":[{"href":"http:\/\/prensa.sutel.com.uy\/index.php?rest_route=%2Fwp%2Fv2%2Fmedia&parent=3010"}],"wp:term":[{"taxonomy":"category","embeddable":true,"href":"http:\/\/prensa.sutel.com.uy\/index.php?rest_route=%2Fwp%2Fv2%2Fcategories&post=3010"},{"taxonomy":"post_tag","embeddable":true,"href":"http:\/\/prensa.sutel.com.uy\/index.php?rest_route=%2Fwp%2Fv2%2Ftags&post=3010"}],"curies":[{"name":"wp","href":"https:\/\/api.w.org\/{rel}","templated":true}]}}