{"id":2985,"date":"2020-05-12T23:18:33","date_gmt":"2020-05-12T23:18:33","guid":{"rendered":"http:\/\/prensa.sutel.com.uy\/2020\/05\/12\/movilizacion-lunes-18-de-mayo-1530-horas-anexo-palacio-legislativo\/"},"modified":"2020-05-12T23:44:47","modified_gmt":"2020-05-12T23:44:47","slug":"movilizacion-lunes-18-de-mayo-1530-horas-anexo-palacio-legislativo","status":"publish","type":"post","link":"http:\/\/prensa.sutel.com.uy\/?p=2985","title":{"rendered":"MOVILIZACI\u00d3N LUNES 18 DE MAYO 15:30 HORAS &#8211; ANEXO PALACIO LEGISLATIVO"},"content":{"rendered":"<p>Compa\u00f1eros\/as:<\/p>\n<p>El pr\u00f3ximo&nbsp;18 de mayo&nbsp;a las 16:30, la Comisi\u00f3n del Senado que trata &nbsp;la LUC recibe a nuestro sindicato.<\/p>\n<p><strong>Convocamos a acompa\u00f1ar a la delegaci\u00f3n de SUTEL en el Anexo Palacio Legislativo a partir de las 15:30 horas.&nbsp;<\/strong><\/p>\n<p><strong>&nbsp;<\/strong><strong>EN DEFENSA DE ANTEL Y LAS EMPRESAS P\u00daBLICAS !!!!!<\/strong><\/p>\n<p><strong>&nbsp;<\/strong><strong>PARA QUE ANTEL SIGA SIENDO DE TODOS LOS URUGUAYOS !!!!!<\/strong><\/p>\n<p><iframe loading=\"lazy\"  id=\"_ytid_70426\"  width=\"800\" height=\"450\"  data-origwidth=\"800\" data-origheight=\"450\" src=\"https:\/\/www.youtube.com\/embed\/OZubMFzT9DA?enablejsapi=1&#038;autoplay=0&#038;cc_load_policy=0&#038;cc_lang_pref=&#038;iv_load_policy=1&#038;loop=0&#038;rel=1&#038;fs=1&#038;playsinline=0&#038;autohide=2&#038;theme=dark&#038;color=red&#038;controls=1&#038;disablekb=0&#038;\" class=\"__youtube_prefs__  epyt-is-override  no-lazyload\" title=\"YouTube player\"  allow=\"fullscreen; accelerometer; autoplay; clipboard-write; encrypted-media; gyroscope; picture-in-picture; web-share\" referrerpolicy=\"strict-origin-when-cross-origin\" allowfullscreen data-no-lazy=\"1\" data-skipgform_ajax_framebjll=\"\"><\/iframe><\/p>\n<p>&nbsp;<\/p>\n","protected":false},"excerpt":{"rendered":"<p>Compa\u00f1eros\/as: El pr\u00f3ximo&nbsp;18 de mayo&nbsp;a las 16:30, la Comisi\u00f3n del Senado que trata &nbsp;la LUC recibe a nuestro sindicato. Convocamos a acompa\u00f1ar a la delegaci\u00f3n de SUTEL en el Anexo &#8230;<\/p>\n","protected":false},"author":7,"featured_media":2986,"comment_status":"closed","ping_status":"closed","sticky":false,"template":"","format":"standard","meta":{"pagelayer_contact_templates":[],"_pagelayer_content":"","ngg_post_thumbnail":0,"footnotes":""},"categories":[2,3,14],"tags":[],"class_list":["post-2985","post","type-post","status-publish","format-standard","has-post-thumbnail","hentry","category-noticias","category-noticias-destacadas","category-noticias-sindicales"],"_links":{"self":[{"href":"http:\/\/prensa.sutel.com.uy\/index.php?rest_route=\/wp\/v2\/posts\/2985","targetHints":{"allow":["GET"]}}],"collection":[{"href":"http:\/\/prensa.sutel.com.uy\/index.php?rest_route=\/wp\/v2\/posts"}],"about":[{"href":"http:\/\/prensa.sutel.com.uy\/index.php?rest_route=\/wp\/v2\/types\/post"}],"author":[{"embeddable":true,"href":"http:\/\/prensa.sutel.com.uy\/index.php?rest_route=\/wp\/v2\/users\/7"}],"replies":[{"embeddable":true,"href":"http:\/\/prensa.sutel.com.uy\/index.php?rest_route=%2Fwp%2Fv2%2Fcomments&post=2985"}],"version-history":[{"count":0,"href":"http:\/\/prensa.sutel.com.uy\/index.php?rest_route=\/wp\/v2\/posts\/2985\/revisions"}],"wp:featuredmedia":[{"embeddable":true,"href":"http:\/\/prensa.sutel.com.uy\/index.php?rest_route=\/wp\/v2\/media\/2986"}],"wp:attachment":[{"href":"http:\/\/prensa.sutel.com.uy\/index.php?rest_route=%2Fwp%2Fv2%2Fmedia&parent=2985"}],"wp:term":[{"taxonomy":"category","embeddable":true,"href":"http:\/\/prensa.sutel.com.uy\/index.php?rest_route=%2Fwp%2Fv2%2Fcategories&post=2985"},{"taxonomy":"post_tag","embeddable":true,"href":"http:\/\/prensa.sutel.com.uy\/index.php?rest_route=%2Fwp%2Fv2%2Ftags&post=2985"}],"curies":[{"name":"wp","href":"https:\/\/api.w.org\/{rel}","templated":true}]}}