{"id":2931,"date":"2020-04-20T19:57:44","date_gmt":"2020-04-20T22:57:44","guid":{"rendered":"http:\/\/prensa.sutel.com.uy\/2020\/04\/20\/lo-urgente-es-la-solidaridad\/"},"modified":"2020-04-20T19:57:44","modified_gmt":"2020-04-20T22:57:44","slug":"lo-urgente-es-la-solidaridad","status":"publish","type":"post","link":"http:\/\/prensa.sutel.com.uy\/?p=2931","title":{"rendered":"Lo urgente es la solidaridad"},"content":{"rendered":"<p>Por ello este 1\u00b0 de mayo hacemos la cadena con vos.<\/p>\n<p>Para esto pod\u00e9s acompa\u00f1ar desde ya colgando desde tu ventana puerta o balc\u00f3n un pa\u00f1uelo, bandera, remera de tu sindicato de color azul o una bandera uruguaya.<\/p>\n<div class=\"text_exposed_show\">\n<p>En tiempos de COVID19 tu casa y el muro de tus redes sociales son la voz de rebeld\u00eda y de defensa de los derechos que logramos luchando y que reivindicamos siempre, especialmente en el d\u00eda de las y los trabajadores.<\/p>\n<p>Este 1\u00b0 de mayo ser\u00e1 diferente, pero nos unir\u00e1, nuevamente, en lucha y solidaridad para salir de esta crisis sanitaria y econ\u00f3mica.<\/p>\n<p>Hay un futuro pronto y la salida la vamos a encontrar entre todas y todos.<\/p>\n<p>PITCNT<\/p>\n<p><img loading=\"lazy\" decoding=\"async\" class=\"size-full wp-image-2932 aligncenter\" src=\"http:\/\/prensa.sutel.com.uy\/wp-content\/uploads\/sites\/31\/2020\/04\/93687058_973841029699529_4708687592814542848_o.jpg\" alt=\"\" width=\"786\" height=\"960\" srcset=\"http:\/\/prensa.sutel.com.uy\/wp-content\/uploads\/sites\/31\/2020\/04\/93687058_973841029699529_4708687592814542848_o.jpg 786w, http:\/\/prensa.sutel.com.uy\/wp-content\/uploads\/sites\/31\/2020\/04\/93687058_973841029699529_4708687592814542848_o-246x300.jpg 246w, http:\/\/prensa.sutel.com.uy\/wp-content\/uploads\/sites\/31\/2020\/04\/93687058_973841029699529_4708687592814542848_o-768x938.jpg 768w, http:\/\/prensa.sutel.com.uy\/wp-content\/uploads\/sites\/31\/2020\/04\/93687058_973841029699529_4708687592814542848_o-600x733.jpg 600w\" sizes=\"auto, (max-width: 786px) 100vw, 786px\" \/><\/p>\n<\/div>\n","protected":false},"excerpt":{"rendered":"<p>Por ello este 1\u00b0 de mayo hacemos la cadena con vos. Para esto pod\u00e9s acompa\u00f1ar desde ya colgando desde tu ventana puerta o balc\u00f3n un pa\u00f1uelo, bandera, remera de tu &#8230;<\/p>\n","protected":false},"author":7,"featured_media":2932,"comment_status":"closed","ping_status":"closed","sticky":false,"template":"","format":"standard","meta":{"pagelayer_contact_templates":[],"_pagelayer_content":"","ngg_post_thumbnail":0,"footnotes":""},"categories":[3,14],"tags":[],"class_list":["post-2931","post","type-post","status-publish","format-standard","has-post-thumbnail","hentry","category-noticias-destacadas","category-noticias-sindicales"],"_links":{"self":[{"href":"http:\/\/prensa.sutel.com.uy\/index.php?rest_route=\/wp\/v2\/posts\/2931","targetHints":{"allow":["GET"]}}],"collection":[{"href":"http:\/\/prensa.sutel.com.uy\/index.php?rest_route=\/wp\/v2\/posts"}],"about":[{"href":"http:\/\/prensa.sutel.com.uy\/index.php?rest_route=\/wp\/v2\/types\/post"}],"author":[{"embeddable":true,"href":"http:\/\/prensa.sutel.com.uy\/index.php?rest_route=\/wp\/v2\/users\/7"}],"replies":[{"embeddable":true,"href":"http:\/\/prensa.sutel.com.uy\/index.php?rest_route=%2Fwp%2Fv2%2Fcomments&post=2931"}],"version-history":[{"count":1,"href":"http:\/\/prensa.sutel.com.uy\/index.php?rest_route=\/wp\/v2\/posts\/2931\/revisions"}],"predecessor-version":[{"id":2933,"href":"http:\/\/prensa.sutel.com.uy\/index.php?rest_route=\/wp\/v2\/posts\/2931\/revisions\/2933"}],"wp:featuredmedia":[{"embeddable":true,"href":"http:\/\/prensa.sutel.com.uy\/index.php?rest_route=\/wp\/v2\/media\/2932"}],"wp:attachment":[{"href":"http:\/\/prensa.sutel.com.uy\/index.php?rest_route=%2Fwp%2Fv2%2Fmedia&parent=2931"}],"wp:term":[{"taxonomy":"category","embeddable":true,"href":"http:\/\/prensa.sutel.com.uy\/index.php?rest_route=%2Fwp%2Fv2%2Fcategories&post=2931"},{"taxonomy":"post_tag","embeddable":true,"href":"http:\/\/prensa.sutel.com.uy\/index.php?rest_route=%2Fwp%2Fv2%2Ftags&post=2931"}],"curies":[{"name":"wp","href":"https:\/\/api.w.org\/{rel}","templated":true}]}}