{"id":2827,"date":"2018-06-20T22:29:28","date_gmt":"2018-06-21T01:29:28","guid":{"rendered":"http:\/\/prensa.sutel.com.uy\/2018\/06\/20\/nos-ponemos-la-celeste-paro-parcial-28-de-junio\/"},"modified":"2018-06-26T22:30:19","modified_gmt":"2018-06-26T22:30:19","slug":"nos-ponemos-la-celeste-paro-parcial-28-de-junio","status":"publish","type":"post","link":"http:\/\/prensa.sutel.com.uy\/?p=2827","title":{"rendered":"NOS PONEMOS LA CELESTE.  &#8211; Paro Parcial 28 de junio"},"content":{"rendered":"<p>NOS PONEMOS LA CELESTE.<\/p>\n<p>\u00c9sta es la \u00faltima rendici\u00f3n de cuentas del per\u00edodo de gobierno. En \u00e9sta nos jugamos todo.<br \/>\nDespu\u00e9s hasta el pr\u00f3ximo gobierno no hay posibilidades de ampliar el presupuesto. Por eso nos ponemos la celeste y nos jugamos todo. Nos movilizamos para conseguir lo que se prometi\u00f3, para que el presupuesto para salud, pol\u00edticas sociales, trabajo y educaci\u00f3n est\u00e9n a la altura de las necesidades de la gente. El 6% para ANEP y UdelaR + 1% para investigaci\u00f3n y desarrollo es prioridad.<br \/>\nNo esperamos un milagro, \u00e9ste gol en el \u00faltimo minuto lo metemos entre todas y todos.<\/p>\n<p>28 de junio Paro Nacional.<br \/>\nPor rendici\u00f3n de cuentas, trabajo y salario.<br \/>\n#pitcnt<\/p>\n<p><img loading=\"lazy\" decoding=\"async\" class=\"alignnone size-full wp-image-2845\" src=\"http:\/\/prensa.sutel.com.uy\/wp-content\/uploads\/sites\/31\/2018\/06\/paro-parcial-28-6-2018-v2.jpg\" alt=\"\" width=\"512\" height=\"512\" srcset=\"http:\/\/prensa.sutel.com.uy\/wp-content\/uploads\/sites\/31\/2018\/06\/paro-parcial-28-6-2018-v2.jpg 512w, http:\/\/prensa.sutel.com.uy\/wp-content\/uploads\/sites\/31\/2018\/06\/paro-parcial-28-6-2018-v2-150x150.jpg 150w, http:\/\/prensa.sutel.com.uy\/wp-content\/uploads\/sites\/31\/2018\/06\/paro-parcial-28-6-2018-v2-300x300.jpg 300w\" sizes=\"auto, (max-width: 512px) 100vw, 512px\" \/><\/p>\n<p><img loading=\"lazy\" decoding=\"async\" class=\"alignnone size-full wp-image-2844\" src=\"http:\/\/prensa.sutel.com.uy\/wp-content\/uploads\/sites\/31\/2018\/06\/paro-parcial-28-6-2018.jpg\" alt=\"\" width=\"1600\" height=\"1052\" srcset=\"http:\/\/prensa.sutel.com.uy\/wp-content\/uploads\/sites\/31\/2018\/06\/paro-parcial-28-6-2018.jpg 1600w, http:\/\/prensa.sutel.com.uy\/wp-content\/uploads\/sites\/31\/2018\/06\/paro-parcial-28-6-2018-300x197.jpg 300w, http:\/\/prensa.sutel.com.uy\/wp-content\/uploads\/sites\/31\/2018\/06\/paro-parcial-28-6-2018-768x505.jpg 768w, http:\/\/prensa.sutel.com.uy\/wp-content\/uploads\/sites\/31\/2018\/06\/paro-parcial-28-6-2018-1024x673.jpg 1024w, http:\/\/prensa.sutel.com.uy\/wp-content\/uploads\/sites\/31\/2018\/06\/paro-parcial-28-6-2018-600x395.jpg 600w, http:\/\/prensa.sutel.com.uy\/wp-content\/uploads\/sites\/31\/2018\/06\/paro-parcial-28-6-2018-1320x868.jpg 1320w\" sizes=\"auto, (max-width: 1600px) 100vw, 1600px\" \/><\/p>\n","protected":false},"excerpt":{"rendered":"<p>NOS PONEMOS LA CELESTE. \u00c9sta es la \u00faltima rendici\u00f3n de cuentas del per\u00edodo de gobierno. En \u00e9sta nos jugamos todo. Despu\u00e9s hasta el pr\u00f3ximo gobierno no hay posibilidades de ampliar &#8230;<\/p>\n","protected":false},"author":7,"featured_media":2844,"comment_status":"closed","ping_status":"closed","sticky":false,"template":"","format":"standard","meta":{"pagelayer_contact_templates":[],"_pagelayer_content":"","ngg_post_thumbnail":0,"footnotes":""},"categories":[2,3,14],"tags":[],"class_list":["post-2827","post","type-post","status-publish","format-standard","has-post-thumbnail","hentry","category-noticias","category-noticias-destacadas","category-noticias-sindicales"],"_links":{"self":[{"href":"http:\/\/prensa.sutel.com.uy\/index.php?rest_route=\/wp\/v2\/posts\/2827","targetHints":{"allow":["GET"]}}],"collection":[{"href":"http:\/\/prensa.sutel.com.uy\/index.php?rest_route=\/wp\/v2\/posts"}],"about":[{"href":"http:\/\/prensa.sutel.com.uy\/index.php?rest_route=\/wp\/v2\/types\/post"}],"author":[{"embeddable":true,"href":"http:\/\/prensa.sutel.com.uy\/index.php?rest_route=\/wp\/v2\/users\/7"}],"replies":[{"embeddable":true,"href":"http:\/\/prensa.sutel.com.uy\/index.php?rest_route=%2Fwp%2Fv2%2Fcomments&post=2827"}],"version-history":[{"count":7,"href":"http:\/\/prensa.sutel.com.uy\/index.php?rest_route=\/wp\/v2\/posts\/2827\/revisions"}],"predecessor-version":[{"id":2846,"href":"http:\/\/prensa.sutel.com.uy\/index.php?rest_route=\/wp\/v2\/posts\/2827\/revisions\/2846"}],"wp:featuredmedia":[{"embeddable":true,"href":"http:\/\/prensa.sutel.com.uy\/index.php?rest_route=\/wp\/v2\/media\/2844"}],"wp:attachment":[{"href":"http:\/\/prensa.sutel.com.uy\/index.php?rest_route=%2Fwp%2Fv2%2Fmedia&parent=2827"}],"wp:term":[{"taxonomy":"category","embeddable":true,"href":"http:\/\/prensa.sutel.com.uy\/index.php?rest_route=%2Fwp%2Fv2%2Fcategories&post=2827"},{"taxonomy":"post_tag","embeddable":true,"href":"http:\/\/prensa.sutel.com.uy\/index.php?rest_route=%2Fwp%2Fv2%2Ftags&post=2827"}],"curies":[{"name":"wp","href":"https:\/\/api.w.org\/{rel}","templated":true}]}}