{"id":250,"date":"2015-12-14T18:59:39","date_gmt":"2015-12-14T18:59:39","guid":{"rendered":"http:\/\/propaganda-2.sutel.com.uy\/?p=250"},"modified":"2015-12-14T18:59:39","modified_gmt":"2015-12-14T18:59:39","slug":"organo-de-prensa-sindical","status":"publish","type":"post","link":"http:\/\/prensa.sutel.com.uy\/?p=250","title":{"rendered":"\u00d3rgano de Prensa Sindical"},"content":{"rendered":"<p>Nuevo Foro : \u00a0http:\/\/propaganda-2.sutel.com.uy\/?p=244<\/p>\n<p>La comisi\u00f3n de Propaganda espera tus propuestas e ideas para la creaci\u00f3n de un nuevo \u00d3rgano de Prensa Sindical.<br \/>\nRegistrate!<br \/>\nIngresa al foro de Propaganda y da tu opini\u00f3n.<\/p>\n<p>Que opinas sobre una radio on line para Sutel?<br \/>\nQue alcance y propuestas debe tener?<br \/>\nQue contenidos propondr\u00edas??<\/p>\n<p>&nbsp;<\/p>\n<p>&nbsp;<\/p>\n","protected":false},"excerpt":{"rendered":"<p>Nuevo Foro : \u00a0http:\/\/propaganda-2.sutel.com.uy\/?p=244 La comisi\u00f3n de Propaganda espera tus propuestas e ideas para la creaci\u00f3n de un nuevo \u00d3rgano de Prensa Sindical. Registrate! Ingresa al foro de Propaganda y &#8230;<\/p>\n","protected":false},"author":3,"featured_media":242,"comment_status":"open","ping_status":"open","sticky":false,"template":"","format":"standard","meta":{"pagelayer_contact_templates":[],"_pagelayer_content":"","ngg_post_thumbnail":0,"footnotes":""},"categories":[2,3],"tags":[],"class_list":["post-250","post","type-post","status-publish","format-standard","has-post-thumbnail","hentry","category-noticias","category-noticias-destacadas"],"_links":{"self":[{"href":"http:\/\/prensa.sutel.com.uy\/index.php?rest_route=\/wp\/v2\/posts\/250","targetHints":{"allow":["GET"]}}],"collection":[{"href":"http:\/\/prensa.sutel.com.uy\/index.php?rest_route=\/wp\/v2\/posts"}],"about":[{"href":"http:\/\/prensa.sutel.com.uy\/index.php?rest_route=\/wp\/v2\/types\/post"}],"author":[{"embeddable":true,"href":"http:\/\/prensa.sutel.com.uy\/index.php?rest_route=\/wp\/v2\/users\/3"}],"replies":[{"embeddable":true,"href":"http:\/\/prensa.sutel.com.uy\/index.php?rest_route=%2Fwp%2Fv2%2Fcomments&post=250"}],"version-history":[{"count":1,"href":"http:\/\/prensa.sutel.com.uy\/index.php?rest_route=\/wp\/v2\/posts\/250\/revisions"}],"predecessor-version":[{"id":251,"href":"http:\/\/prensa.sutel.com.uy\/index.php?rest_route=\/wp\/v2\/posts\/250\/revisions\/251"}],"wp:featuredmedia":[{"embeddable":true,"href":"http:\/\/prensa.sutel.com.uy\/index.php?rest_route=\/wp\/v2\/media\/242"}],"wp:attachment":[{"href":"http:\/\/prensa.sutel.com.uy\/index.php?rest_route=%2Fwp%2Fv2%2Fmedia&parent=250"}],"wp:term":[{"taxonomy":"category","embeddable":true,"href":"http:\/\/prensa.sutel.com.uy\/index.php?rest_route=%2Fwp%2Fv2%2Fcategories&post=250"},{"taxonomy":"post_tag","embeddable":true,"href":"http:\/\/prensa.sutel.com.uy\/index.php?rest_route=%2Fwp%2Fv2%2Ftags&post=250"}],"curies":[{"name":"wp","href":"https:\/\/api.w.org\/{rel}","templated":true}]}}