{"id":241,"date":"2015-12-14T18:32:43","date_gmt":"2015-12-14T18:32:43","guid":{"rendered":"http:\/\/propaganda-2.sutel.com.uy\/?p=241"},"modified":"2015-12-14T19:02:43","modified_gmt":"2015-12-14T19:02:43","slug":"que-propuestas-harias-para-un-organo-de-prensa-sindical","status":"publish","type":"post","link":"http:\/\/prensa.sutel.com.uy\/?p=241","title":{"rendered":"Que propuestas har\u00edas para un \u00d3rgano de Prensa Sindical??"},"content":{"rendered":"<p>Te integrar\u00edas a un nuevo \u00d3rgano de Prensa Sindical de Sutel??<br \/>\nQue propuestas tienes??<br \/>\nTe gustar\u00eda un programa de Radio para tu sindicato??<br \/>\nQue contenidos le dar\u00edas??<\/p>\n<p>El foro espera tu opini\u00f3n y aporte<\/p>\n<p>http:\/\/propaganda-2.sutel.com.uy\/?p=244<\/p>\n<p>&nbsp;<\/p>\n","protected":false},"excerpt":{"rendered":"<p>Te integrar\u00edas a un nuevo \u00d3rgano de Prensa Sindical de Sutel?? Que propuestas tienes?? Te gustar\u00eda un programa de Radio para tu sindicato?? Que contenidos le dar\u00edas?? El foro espera &#8230;<\/p>\n","protected":false},"author":3,"featured_media":242,"comment_status":"open","ping_status":"open","sticky":false,"template":"","format":"standard","meta":{"pagelayer_contact_templates":[],"_pagelayer_content":"","ngg_post_thumbnail":0,"footnotes":""},"categories":[3],"tags":[13],"class_list":["post-241","post","type-post","status-publish","format-standard","has-post-thumbnail","hentry","category-noticias-destacadas","tag-prensa"],"_links":{"self":[{"href":"http:\/\/prensa.sutel.com.uy\/index.php?rest_route=\/wp\/v2\/posts\/241","targetHints":{"allow":["GET"]}}],"collection":[{"href":"http:\/\/prensa.sutel.com.uy\/index.php?rest_route=\/wp\/v2\/posts"}],"about":[{"href":"http:\/\/prensa.sutel.com.uy\/index.php?rest_route=\/wp\/v2\/types\/post"}],"author":[{"embeddable":true,"href":"http:\/\/prensa.sutel.com.uy\/index.php?rest_route=\/wp\/v2\/users\/3"}],"replies":[{"embeddable":true,"href":"http:\/\/prensa.sutel.com.uy\/index.php?rest_route=%2Fwp%2Fv2%2Fcomments&post=241"}],"version-history":[{"count":3,"href":"http:\/\/prensa.sutel.com.uy\/index.php?rest_route=\/wp\/v2\/posts\/241\/revisions"}],"predecessor-version":[{"id":248,"href":"http:\/\/prensa.sutel.com.uy\/index.php?rest_route=\/wp\/v2\/posts\/241\/revisions\/248"}],"wp:featuredmedia":[{"embeddable":true,"href":"http:\/\/prensa.sutel.com.uy\/index.php?rest_route=\/wp\/v2\/media\/242"}],"wp:attachment":[{"href":"http:\/\/prensa.sutel.com.uy\/index.php?rest_route=%2Fwp%2Fv2%2Fmedia&parent=241"}],"wp:term":[{"taxonomy":"category","embeddable":true,"href":"http:\/\/prensa.sutel.com.uy\/index.php?rest_route=%2Fwp%2Fv2%2Fcategories&post=241"},{"taxonomy":"post_tag","embeddable":true,"href":"http:\/\/prensa.sutel.com.uy\/index.php?rest_route=%2Fwp%2Fv2%2Ftags&post=241"}],"curies":[{"name":"wp","href":"https:\/\/api.w.org\/{rel}","templated":true}]}}