{"id":2001,"date":"2016-12-29T18:02:16","date_gmt":"2016-12-29T21:02:16","guid":{"rendered":"http:\/\/prensa.sutel.com.uy\/2016\/12\/29\/saludo-de-sutel-feliz-2017\/"},"modified":"2016-12-29T18:02:16","modified_gmt":"2016-12-29T21:02:16","slug":"saludo-de-sutel-feliz-2017","status":"publish","type":"post","link":"http:\/\/prensa.sutel.com.uy\/?p=2001","title":{"rendered":"Saludo de Sutel   Feliz 2017 !"},"content":{"rendered":"<p><img loading=\"lazy\" decoding=\"async\" class=\"size-full wp-image-2495 aligncenter\" src=\"http:\/\/www.sutel.com.uy\/wp-content\/uploads\/2016\/09\/cabezal-1.jpg\" alt=\"cabezal\" width=\"633\" height=\"125\"><\/p>\n<p class=\"western\" lang=\"es-ES\" align=\"right\"><span style=\"font-family: 'Courier New', monospace;\"><span style=\"font-size: medium;\">Montevideo, diciembre 2016<\/span><\/span><\/p>\n<p class=\"western\" lang=\"es-ES\"><span style=\"font-family: 'Courier New', monospace;\"><span style=\"font-size: medium;\">Compa\u00f1eros\/as<\/span><\/span><\/p>\n<p class=\"western\" lang=\"es-ES\" align=\"justify\"><span style=\"font-family: 'Courier New', monospace;\"><span style=\"font-size: medium;\">A horas que comience un nuevo a\u00f1o, llamamos a todos a redoblar nuestro esfuerzo, para que se cumplan los objetivos de seguir avanzando y profundizando las transformaciones que nuestro Pa\u00eds necesita.<\/span><\/span><\/p>\n<p class=\"western\" lang=\"es-ES\" align=\"justify\"><span style=\"font-family: 'Courier New', monospace;\"><span style=\"font-size: medium;\">Ese seguir\u00e1 siendo en el 2017, el accionar de nuestro sindicato; en la b\u00fasqueda de un mundo mejor y por una sociedad sin explotados ni explotadores; por Empresas P\u00fablicas al servicio de todos los uruguayos sin exclusiones; Empresas P\u00fablicas que son la base del desarrollo tecnol\u00f3gico, industrial, democr\u00e1tico, econ\u00f3mico y forman parte de la soberan\u00eda nacional.<\/span><\/span><\/p>\n<p class=\"western\" lang=\"es-ES\" align=\"justify\"><span style=\"font-family: 'Courier New', monospace;\"><span style=\"font-size: medium;\">Seguiremos bregando por un ANTEL al servicio del PUEBLO URUGUAYO, apoyando hacia adelante a la industria nacional, apuntando cada vez m\u00e1s a su desarrollo tecnol\u00f3gico, democr\u00e1tico y de continuas transformaciones para brindar m\u00e1s y mejores servicios.<\/span><\/span><\/p>\n<p class=\"western\" lang=\"es-ES\" align=\"center\"><span style=\"font-family: 'Comic Sans MS', cursive;\"><span style=\"font-size: large;\"><i>\u00a1SEGUIMOS ADELANTE EN DEFENSA DE LAS EMPRESAS P\u00daBLICAS!!!<\/i><\/span><\/span><\/p>\n<p class=\"western\" lang=\"es-ES\" align=\"center\"><span style=\"font-family: 'Comic Sans MS', cursive;\"><span style=\"font-size: large;\"><i>\u00a1VIVA SUTEL!!!<\/i><\/span><\/span><\/p>\n<p class=\"western\" lang=\"es-ES\" align=\"center\"><span style=\"font-family: 'Comic Sans MS', cursive;\"><span style=\"font-size: large;\"><i>\u00a1VIVA LOS TRABAJADORES Y EL PIT-CNT!!!<\/i><\/span><\/span><\/p>\n<p class=\"western\" lang=\"es-ES\" align=\"center\"><span style=\"font-family: Chiller, fantasy;\"><span style=\"font-size: 300%;\">MUY FELIZ A\u00d1O COMPA\u00d1ER@S!!!<\/span><\/span><\/p>\n<p class=\"western\" lang=\"es-ES\"><span style=\"font-family: 'Courier New', monospace;\"><span style=\"font-size: medium;\">&nbsp;<strong> Augusto Larrosa &nbsp; &nbsp; &nbsp; &nbsp; &nbsp; &nbsp; &nbsp; &nbsp;Gabriel Molina<\/strong><\/span><\/span><\/p>\n<p class=\"western\" lang=\"es-ES\"><strong><span style=\"font-family: 'Courier New', monospace;\"><span style=\"font-size: medium;\">&nbsp; Secretario &nbsp; &nbsp; &nbsp; &nbsp; &nbsp; &nbsp; &nbsp; &nbsp; &nbsp; &nbsp; &nbsp;Presidente<\/span><\/span><\/strong><a name=\"_PictureBullets\"><\/a><\/p>\n","protected":false},"excerpt":{"rendered":"<p>Montevideo, diciembre 2016 Compa\u00f1eros\/as A horas que comience un nuevo a\u00f1o, llamamos a todos a redoblar nuestro esfuerzo, para que se cumplan los objetivos de seguir avanzando y profundizando las &#8230;<\/p>\n","protected":false},"author":7,"featured_media":2002,"comment_status":"closed","ping_status":"closed","sticky":false,"template":"","format":"standard","meta":{"pagelayer_contact_templates":[],"_pagelayer_content":"","ngg_post_thumbnail":0,"footnotes":""},"categories":[2,3,14],"tags":[],"class_list":["post-2001","post","type-post","status-publish","format-standard","has-post-thumbnail","hentry","category-noticias","category-noticias-destacadas","category-noticias-sindicales"],"_links":{"self":[{"href":"http:\/\/prensa.sutel.com.uy\/index.php?rest_route=\/wp\/v2\/posts\/2001","targetHints":{"allow":["GET"]}}],"collection":[{"href":"http:\/\/prensa.sutel.com.uy\/index.php?rest_route=\/wp\/v2\/posts"}],"about":[{"href":"http:\/\/prensa.sutel.com.uy\/index.php?rest_route=\/wp\/v2\/types\/post"}],"author":[{"embeddable":true,"href":"http:\/\/prensa.sutel.com.uy\/index.php?rest_route=\/wp\/v2\/users\/7"}],"replies":[{"embeddable":true,"href":"http:\/\/prensa.sutel.com.uy\/index.php?rest_route=%2Fwp%2Fv2%2Fcomments&post=2001"}],"version-history":[{"count":0,"href":"http:\/\/prensa.sutel.com.uy\/index.php?rest_route=\/wp\/v2\/posts\/2001\/revisions"}],"wp:featuredmedia":[{"embeddable":true,"href":"http:\/\/prensa.sutel.com.uy\/index.php?rest_route=\/wp\/v2\/media\/2002"}],"wp:attachment":[{"href":"http:\/\/prensa.sutel.com.uy\/index.php?rest_route=%2Fwp%2Fv2%2Fmedia&parent=2001"}],"wp:term":[{"taxonomy":"category","embeddable":true,"href":"http:\/\/prensa.sutel.com.uy\/index.php?rest_route=%2Fwp%2Fv2%2Fcategories&post=2001"},{"taxonomy":"post_tag","embeddable":true,"href":"http:\/\/prensa.sutel.com.uy\/index.php?rest_route=%2Fwp%2Fv2%2Ftags&post=2001"}],"curies":[{"name":"wp","href":"https:\/\/api.w.org\/{rel}","templated":true}]}}